{"id":9841,"date":"2018-01-03T08:50:17","date_gmt":"2018-01-03T07:50:17","guid":{"rendered":"http:\/\/www.mancomunidaddetentudia.com\/portal\/?p=9841"},"modified":"2018-01-03T08:50:17","modified_gmt":"2018-01-03T07:50:17","slug":"charlas-informativas-sobre-el-projecto-remjo-en-las-diferentes-localidades-de-la-mancomunidad","status":"publish","type":"post","link":"https:\/\/www.mancomunidaddetentudia.com\/portal\/charlas-informativas-sobre-el-projecto-remjo-en-las-diferentes-localidades-de-la-mancomunidad\/","title":{"rendered":"CHARLAS INFORMATIVAS SOBRE EL PROJECTO REMJO EN LAS DIFERENTES LOCALIDADES DE LA MANCOMUNIDAD"},"content":{"rendered":"<p>Desde la Diputaci\u00f3n de Badajoz, y a trav\u00e9s del Servicio de Capacitaci\u00f3n para el Empleo del \u00c1rea de Desarrollo Local, se ha iniciado el Proyecto REMJO (Refuerzo a la Empleabilidad Joven), con el fin de reforzar los procesos que aumentan la Empleabilidad y favorecen la Inclusi\u00f3n de la poblaci\u00f3n joven de la provincia de Badajoz seleccionada como beneficiaria.<\/p>\n<p>El proyecto est\u00e1 cofinancia<span class=\"text_exposed_show\">do con el Fondo Social Europeo (FSE), y apuesta \u201cpor la adaptaci\u00f3n y la puesta en valor de nuestra poblaci\u00f3n joven y de nuestra provincia de Badajoz (de ah\u00ed el camale\u00f3n como imagen del proyecto) atendiendo a la singularidad de cada zona demarcada seg\u00fan el \u00e1mbito territorial de los Centros Integrales de Desarrollo (CID)\u00bb, seg\u00fan ha declarado el diputado.<\/span><\/p>\n<div class=\"text_exposed_show\">\n<p>El \u00e1mbito de actuaci\u00f3n del proyecto ser\u00e1n todas las zonas de la provincia de Badajoz demarcadas por \u00e1mbito CID, excepto la zona de Vegas Bajas, beneficiario de otro proyecto de la Diputaci\u00f3n de Badajoz (proyecto EDUSI). En concreto se realizar\u00e1n 15 acciones formativas que se van a desarrollar seg\u00fan el CID, siendo beneficiarios 225 j\u00f3venes (15 por cada acci\u00f3n formativa).<\/p>\n<p>En el CID Tentud\u00eda el curso versar\u00e1 sobre APROVECHAMIENTOS FORESTALES. El perfil del joven destinatario en general es el siguiente: ser mayores de 16 y menores de 30 a\u00f1os, no ocupados ni integrados en el sistema de educaci\u00f3n\/ formaci\u00f3n, estar registradas en el fichero del Sistema de Garant\u00eda Juvenil e inscritas o no como solicitantes de empleo. Estos j\u00f3venes beneficiarios de REMJO deben estar comprometidos con ser mejores profesionales y mejores personas por su inter\u00e9s por el aprendizaje, sus aspiraciones profesionales, tener motivaci\u00f3n para favorecer la inclusi\u00f3n en la sociedad y ganas de trabajar en equipo colaborativo.<\/p>\n<\/div>\n","protected":false},"excerpt":{"rendered":"<p>Desde la Diputaci\u00f3n de Badajoz, y a trav\u00e9s del Servicio de Capacitaci\u00f3n para el Empleo del \u00c1rea de Desarrollo Local, se ha iniciado el Proyecto REMJO (Refuerzo a la Empleabilidad Joven), con el fin de reforzar los procesos que aumentan la Empleabilidad y favorecen la Inclusi\u00f3n de la poblaci\u00f3n joven de la provincia de Badajoz [&hellip;]<\/p>\n","protected":false},"author":23,"featured_media":9843,"comment_status":"open","ping_status":"open","sticky":false,"template":"","format":"standard","meta":{"footnotes":""},"categories":[27,37,68],"tags":[],"class_list":{"0":"post-9841","1":"post","2":"type-post","3":"status-publish","4":"format-standard","5":"has-post-thumbnail","7":"category-actualidad","8":"category-destacados","9":"category-mancomunidad"},"_links":{"self":[{"href":"https:\/\/www.mancomunidaddetentudia.com\/portal\/wp-json\/wp\/v2\/posts\/9841","targetHints":{"allow":["GET"]}}],"collection":[{"href":"https:\/\/www.mancomunidaddetentudia.com\/portal\/wp-json\/wp\/v2\/posts"}],"about":[{"href":"https:\/\/www.mancomunidaddetentudia.com\/portal\/wp-json\/wp\/v2\/types\/post"}],"author":[{"embeddable":true,"href":"https:\/\/www.mancomunidaddetentudia.com\/portal\/wp-json\/wp\/v2\/users\/23"}],"replies":[{"embeddable":true,"href":"https:\/\/www.mancomunidaddetentudia.com\/portal\/wp-json\/wp\/v2\/comments?post=9841"}],"version-history":[{"count":1,"href":"https:\/\/www.mancomunidaddetentudia.com\/portal\/wp-json\/wp\/v2\/posts\/9841\/revisions"}],"predecessor-version":[{"id":9844,"href":"https:\/\/www.mancomunidaddetentudia.com\/portal\/wp-json\/wp\/v2\/posts\/9841\/revisions\/9844"}],"wp:featuredmedia":[{"embeddable":true,"href":"https:\/\/www.mancomunidaddetentudia.com\/portal\/wp-json\/wp\/v2\/media\/9843"}],"wp:attachment":[{"href":"https:\/\/www.mancomunidaddetentudia.com\/portal\/wp-json\/wp\/v2\/media?parent=9841"}],"wp:term":[{"taxonomy":"category","embeddable":true,"href":"https:\/\/www.mancomunidaddetentudia.com\/portal\/wp-json\/wp\/v2\/categories?post=9841"},{"taxonomy":"post_tag","embeddable":true,"href":"https:\/\/www.mancomunidaddetentudia.com\/portal\/wp-json\/wp\/v2\/tags?post=9841"}],"curies":[{"name":"wp","href":"https:\/\/api.w.org\/{rel}","templated":true}]}}