{"id":9846,"date":"2018-01-03T14:14:22","date_gmt":"2018-01-03T13:14:22","guid":{"rendered":"http:\/\/www.mancomunidaddetentudia.com\/portal\/?p=9846"},"modified":"2018-01-15T12:23:34","modified_gmt":"2018-01-15T11:23:34","slug":"inauguracion-de-la-oficina-de-gestion-urbanistica-de-la-mancomunidad-de-tentudia","status":"publish","type":"post","link":"https:\/\/www.mancomunidaddetentudia.com\/portal\/inauguracion-de-la-oficina-de-gestion-urbanistica-de-la-mancomunidad-de-tentudia\/","title":{"rendered":"INAUGURACI\u00d3N DE LA OFICINA DE GESTI\u00d3N URBAN\u00cdSTICA DE LA MANCOMUNIDAD DE TENTUD\u00cdA"},"content":{"rendered":"<p>El pasado martes se inaugur\u00f3 la Oficina de Gesti\u00f3n Urban\u00edstica de la Mancomunidad de Tentud\u00eda, celebr\u00e1ndose el acto en la sede de la misma.<\/p>\n<p>Eulalia Moreno de Acevedo, Directora General de Urbanismo y Ordenaci\u00f3n del Territorio de la Junta de Extremadura, fue la encargada de llevar a cabo el acto de inauguraci\u00f3n. Acompa\u00f1ada de los coordinadores de las oficinas de gesti\u00f3n urban\u00edstica de toda Extremadura, y en presencia de la Presidenta de la Mancomunidad, Mercedes D\u00edaz, as\u00ed como del Gerente, Jes\u00fas Aparicio, le di\u00f3 la bienvenida al equipo t\u00e9cnico de la oficina e intercambio unas palabras con los integrantes del mismo.<\/p>\n<p>Las funciones de la Oficina de Gesti\u00f3n Urban\u00edstica se centrar\u00e1n en la prestaci\u00f3n de asistencia t\u00e9cnica y jur\u00eddica a los municipios de la Mancomunidad en todo lo relacionado con el urbanismo y el territorio, as\u00ed como en el asesoramiento y control de la accesibilidad y el fomento de la calidad de las edificaciones, entre otras.<\/p>\n<p><a href=\"http:\/\/www.mancomunidaddetentudia.com\/portal\/wp-content\/uploads\/2018\/01\/Equipo-OGU.jpg\"><img loading=\"lazy\" decoding=\"async\" class=\"alignnone wp-image-9857 size-medium\" src=\"http:\/\/www.mancomunidaddetentudia.com\/portal\/wp-content\/uploads\/2018\/01\/Equipo-OGU-300x169.jpg\" alt=\"\" width=\"300\" height=\"169\" srcset=\"https:\/\/www.mancomunidaddetentudia.com\/portal\/wp-content\/uploads\/2018\/01\/Equipo-OGU-300x169.jpg 300w, https:\/\/www.mancomunidaddetentudia.com\/portal\/wp-content\/uploads\/2018\/01\/Equipo-OGU-768x432.jpg 768w, https:\/\/www.mancomunidaddetentudia.com\/portal\/wp-content\/uploads\/2018\/01\/Equipo-OGU-696x392.jpg 696w, https:\/\/www.mancomunidaddetentudia.com\/portal\/wp-content\/uploads\/2018\/01\/Equipo-OGU-747x420.jpg 747w, https:\/\/www.mancomunidaddetentudia.com\/portal\/wp-content\/uploads\/2018\/01\/Equipo-OGU.jpg 960w\" sizes=\"auto, (max-width: 300px) 100vw, 300px\" \/><\/a><\/p>\n<p>El equipo profesional de la Oficina de Gesti\u00f3n Urban\u00edstica de la Mancomunidad est\u00e1 compuesto por Margarita G\u00f3mez-Arquitecta, Daniel Amaya-Arquitecto T\u00e9cnico, Isabel Carrasco-Asesora Jur\u00eddica y Miriam Garr\u00f3n en calidad de Administrativa.<\/p>\n<p>Actualmente, y tras realizar varias visitas a los distintos municipios de la Mancomunidad, ya se han iniciado los primeros proyectos en algunas de las localidades.<\/p>\n","protected":false},"excerpt":{"rendered":"<p>El pasado martes se inaugur\u00f3 la Oficina de Gesti\u00f3n Urban\u00edstica de la Mancomunidad de Tentud\u00eda, celebr\u00e1ndose el acto en la sede de la misma. Eulalia Moreno de Acevedo, Directora General de Urbanismo y Ordenaci\u00f3n del Territorio de la Junta de Extremadura, fue la encargada de llevar a cabo el acto de inauguraci\u00f3n. Acompa\u00f1ada de los [&hellip;]<\/p>\n","protected":false},"author":23,"featured_media":9848,"comment_status":"open","ping_status":"open","sticky":false,"template":"","format":"standard","meta":{"footnotes":""},"categories":[27,68,23,219],"tags":[],"class_list":{"0":"post-9846","1":"post","2":"type-post","3":"status-publish","4":"format-standard","5":"has-post-thumbnail","7":"category-actualidad","8":"category-mancomunidad","9":"category-notas-de-prensa","10":"category-oficina-de-gestion-urbanistica"},"_links":{"self":[{"href":"https:\/\/www.mancomunidaddetentudia.com\/portal\/wp-json\/wp\/v2\/posts\/9846","targetHints":{"allow":["GET"]}}],"collection":[{"href":"https:\/\/www.mancomunidaddetentudia.com\/portal\/wp-json\/wp\/v2\/posts"}],"about":[{"href":"https:\/\/www.mancomunidaddetentudia.com\/portal\/wp-json\/wp\/v2\/types\/post"}],"author":[{"embeddable":true,"href":"https:\/\/www.mancomunidaddetentudia.com\/portal\/wp-json\/wp\/v2\/users\/23"}],"replies":[{"embeddable":true,"href":"https:\/\/www.mancomunidaddetentudia.com\/portal\/wp-json\/wp\/v2\/comments?post=9846"}],"version-history":[{"count":3,"href":"https:\/\/www.mancomunidaddetentudia.com\/portal\/wp-json\/wp\/v2\/posts\/9846\/revisions"}],"predecessor-version":[{"id":9858,"href":"https:\/\/www.mancomunidaddetentudia.com\/portal\/wp-json\/wp\/v2\/posts\/9846\/revisions\/9858"}],"wp:featuredmedia":[{"embeddable":true,"href":"https:\/\/www.mancomunidaddetentudia.com\/portal\/wp-json\/wp\/v2\/media\/9848"}],"wp:attachment":[{"href":"https:\/\/www.mancomunidaddetentudia.com\/portal\/wp-json\/wp\/v2\/media?parent=9846"}],"wp:term":[{"taxonomy":"category","embeddable":true,"href":"https:\/\/www.mancomunidaddetentudia.com\/portal\/wp-json\/wp\/v2\/categories?post=9846"},{"taxonomy":"post_tag","embeddable":true,"href":"https:\/\/www.mancomunidaddetentudia.com\/portal\/wp-json\/wp\/v2\/tags?post=9846"}],"curies":[{"name":"wp","href":"https:\/\/api.w.org\/{rel}","templated":true}]}}