{"id":9859,"date":"2018-01-16T08:08:51","date_gmt":"2018-01-16T07:08:51","guid":{"rendered":"http:\/\/www.mancomunidaddetentudia.com\/portal\/?p=9859"},"modified":"2018-01-16T08:08:51","modified_gmt":"2018-01-16T07:08:51","slug":"la-mancomunidad-asistira-a-fitur-para-presentar-el-programa-de-actividades-turisticas-tentudia-cuatro-estaciones-un-destino","status":"publish","type":"post","link":"https:\/\/www.mancomunidaddetentudia.com\/portal\/la-mancomunidad-asistira-a-fitur-para-presentar-el-programa-de-actividades-turisticas-tentudia-cuatro-estaciones-un-destino\/","title":{"rendered":"LA MANCOMUNIDAD ASISTIR\u00c1 A FITUR PARA PRESENTAR EL PROGRAMA DE ACTIVIDADES TUR\u00cdSTICAS \u201cTENTUD\u00cdA: CUATRO ESTACIONES, UN DESTINO\u201d"},"content":{"rendered":"<p>La Mancomunidad de Tentud\u00eda presentar\u00e1 el pr\u00f3ximo jueves en FITUR el programa de actividades tur\u00edsticas \u201cCuatro estaciones, un destino\u201d. Estas actividades estar\u00e1n enfocadas al fomento y la promoci\u00f3n tur\u00edstica de la Comarca y se desarrollar\u00e1n a lo largo de las diferentes estaciones del a\u00f1o.<\/p>\n<p>El acto se celebrar\u00e1 a las 14\u201900h en la sala de presentaciones del stand de Extremadura. Mercedes D\u00edaz Ba\u00f1os, Presidenta de la Mancomunidad, ser\u00e1 la encargada de realizar la presentaci\u00f3n junto a Lorenzo Molina Medina, Diputado Delegado y alcalde de Segura de Le\u00f3n.<\/p>\n<p>Asimismo se prev\u00e9 que asistan diversos representantes de los municipios de la Comarca, as\u00ed como los alumnos de la Escuela Profesional \u201cTentud\u00eda Tur\u00edstica\u201d.<\/p>\n","protected":false},"excerpt":{"rendered":"<p>La Mancomunidad de Tentud\u00eda presentar\u00e1 el pr\u00f3ximo jueves en FITUR el programa de actividades tur\u00edsticas \u201cCuatro estaciones, un destino\u201d. Estas actividades estar\u00e1n enfocadas al fomento y la promoci\u00f3n tur\u00edstica de la Comarca y se desarrollar\u00e1n a lo largo de las diferentes estaciones del a\u00f1o. El acto se celebrar\u00e1 a las 14\u201900h en la sala de [&hellip;]<\/p>\n","protected":false},"author":23,"featured_media":9861,"comment_status":"open","ping_status":"open","sticky":false,"template":"","format":"standard","meta":{"footnotes":""},"categories":[27,68,23],"tags":[],"class_list":{"0":"post-9859","1":"post","2":"type-post","3":"status-publish","4":"format-standard","5":"has-post-thumbnail","7":"category-actualidad","8":"category-mancomunidad","9":"category-notas-de-prensa"},"_links":{"self":[{"href":"https:\/\/www.mancomunidaddetentudia.com\/portal\/wp-json\/wp\/v2\/posts\/9859","targetHints":{"allow":["GET"]}}],"collection":[{"href":"https:\/\/www.mancomunidaddetentudia.com\/portal\/wp-json\/wp\/v2\/posts"}],"about":[{"href":"https:\/\/www.mancomunidaddetentudia.com\/portal\/wp-json\/wp\/v2\/types\/post"}],"author":[{"embeddable":true,"href":"https:\/\/www.mancomunidaddetentudia.com\/portal\/wp-json\/wp\/v2\/users\/23"}],"replies":[{"embeddable":true,"href":"https:\/\/www.mancomunidaddetentudia.com\/portal\/wp-json\/wp\/v2\/comments?post=9859"}],"version-history":[{"count":1,"href":"https:\/\/www.mancomunidaddetentudia.com\/portal\/wp-json\/wp\/v2\/posts\/9859\/revisions"}],"predecessor-version":[{"id":9862,"href":"https:\/\/www.mancomunidaddetentudia.com\/portal\/wp-json\/wp\/v2\/posts\/9859\/revisions\/9862"}],"wp:featuredmedia":[{"embeddable":true,"href":"https:\/\/www.mancomunidaddetentudia.com\/portal\/wp-json\/wp\/v2\/media\/9861"}],"wp:attachment":[{"href":"https:\/\/www.mancomunidaddetentudia.com\/portal\/wp-json\/wp\/v2\/media?parent=9859"}],"wp:term":[{"taxonomy":"category","embeddable":true,"href":"https:\/\/www.mancomunidaddetentudia.com\/portal\/wp-json\/wp\/v2\/categories?post=9859"},{"taxonomy":"post_tag","embeddable":true,"href":"https:\/\/www.mancomunidaddetentudia.com\/portal\/wp-json\/wp\/v2\/tags?post=9859"}],"curies":[{"name":"wp","href":"https:\/\/api.w.org\/{rel}","templated":true}]}}